{"id":7123,"date":"2022-04-28T08:53:00","date_gmt":"2022-04-28T08:53:00","guid":{"rendered":"https:\/\/tratnjek.si\/?p=7123"},"modified":"2022-08-02T12:05:02","modified_gmt":"2022-08-02T12:05:02","slug":"podarili-smo-klimatsko-napravo-samsung-ki-ne-piha","status":"publish","type":"post","link":"https:\/\/tratnjek.si\/de\/wir-spendeten-eine-samsung-klimaanlage-die-nicht-blast\/","title":{"rendered":"Wir haben eine Samsung-Klimaanlage verschenkt, die nicht bl\u00e4st!"},"content":{"rendered":"<figure class=\"wp-block-image size-full\"><img fetchpriority=\"high\" decoding=\"async\" width=\"338\" height=\"338\" src=\"https:\/\/tratnjek.si\/wp-content\/uploads\/2022\/08\/image-24.png\" alt=\"\" class=\"wp-image-7138\" srcset=\"https:\/\/tratnjek.si\/wp-content\/uploads\/2022\/08\/image-24.png 338w, https:\/\/tratnjek.si\/wp-content\/uploads\/2022\/08\/image-24-301x301.png 301w, https:\/\/tratnjek.si\/wp-content\/uploads\/2022\/08\/image-24-150x150.png 150w\" sizes=\"(max-width: 338px) 100vw, 338px\" \/><\/figure><p>Wir unterst\u00fctzen die lokale Bev\u00f6lkerung und deshalb sind wir als Hauptsponsor von ND Beltinci am Mittwoch, den 23. September 2020, beim Fu\u00dfballspiel dabei&nbsp;<strong>eine Klimaanlage gespendet.<\/strong><\/p><p>Samsung Klimaanlage,&nbsp;<strong>das nicht bl\u00e4st<\/strong>&nbsp;und ist ein echter Hit des Sommers!<\/p><p>Wir teilen mit Ihnen einige Momente der Hauptpreisverleihung.<\/p><figure class=\"wp-block-image size-full\"><img decoding=\"async\" width=\"950\" height=\"632\" src=\"https:\/\/tratnjek.si\/wp-content\/uploads\/2022\/08\/image-17.png\" alt=\"\" class=\"wp-image-7124\" srcset=\"https:\/\/tratnjek.si\/wp-content\/uploads\/2022\/08\/image-17.png 950w, https:\/\/tratnjek.si\/wp-content\/uploads\/2022\/08\/image-17-301x200.png 301w, https:\/\/tratnjek.si\/wp-content\/uploads\/2022\/08\/image-17-600x399.png 600w, https:\/\/tratnjek.si\/wp-content\/uploads\/2022\/08\/image-17-400x266.png 400w\" sizes=\"(max-width: 950px) 100vw, 950px\" \/><\/figure><p>Herzlichen Gl\u00fcckwunsch an den Gewinner!<\/p><figure class=\"wp-block-image size-full\"><img decoding=\"async\" width=\"950\" height=\"632\" src=\"https:\/\/tratnjek.si\/wp-content\/uploads\/2022\/08\/image-18.png\" alt=\"\" class=\"wp-image-7126\" srcset=\"https:\/\/tratnjek.si\/wp-content\/uploads\/2022\/08\/image-18.png 950w, https:\/\/tratnjek.si\/wp-content\/uploads\/2022\/08\/image-18-301x200.png 301w, https:\/\/tratnjek.si\/wp-content\/uploads\/2022\/08\/image-18-600x399.png 600w, https:\/\/tratnjek.si\/wp-content\/uploads\/2022\/08\/image-18-400x266.png 400w\" sizes=\"(max-width: 950px) 100vw, 950px\" \/><\/figure><p><strong>Welche Funktionen hat eine Klimaanlage die nicht bl\u00e4st?<\/strong><\/p><p>Mit der gespendeten Klimaanlage kann der Gewinner&nbsp;<strong>zus\u00e4tzlich zur K\u00fchlung<\/strong>&nbsp;in der \u00dcbergangszeit und auch im Winter&nbsp;<strong>heizt<\/strong>. Nat\u00fcrlich haben wir bei der Auswahl einer Klimaanlage ber\u00fccksichtigt, dass sie&nbsp;<strong>integriertes WLAN<\/strong>&nbsp;Schnittstelle. Auf diese Weise k\u00f6nnen Sie die Klimaanlage steuern wie&nbsp;<strong>per Telefon, wo immer Sie sind<\/strong>.<\/p><p><strong>So funktioniert der WindFree-Modus<\/strong>\u2122?<\/p><figure class=\"wp-block-image size-full\"><img loading=\"lazy\" decoding=\"async\" width=\"950\" height=\"632\" src=\"https:\/\/tratnjek.si\/wp-content\/uploads\/2022\/08\/image-20.png\" alt=\"\" class=\"wp-image-7130\" srcset=\"https:\/\/tratnjek.si\/wp-content\/uploads\/2022\/08\/image-20.png 950w, https:\/\/tratnjek.si\/wp-content\/uploads\/2022\/08\/image-20-301x200.png 301w, https:\/\/tratnjek.si\/wp-content\/uploads\/2022\/08\/image-20-600x399.png 600w, https:\/\/tratnjek.si\/wp-content\/uploads\/2022\/08\/image-20-400x266.png 400w\" sizes=\"(max-width: 950px) 100vw, 950px\" \/><\/figure><p>Wenn der Gewinner den WindFree\u2122-Modus einschaltet oder die Klimaanlage automatisch in den WindFree\u2122-Modus wechselt, schlie\u00dft sich die Klappe,&nbsp;<strong>eine sanfte Wolke kalter Luft<\/strong>&nbsp;wird langsam beginnen, durchzudringen&nbsp;<strong>23.000 Mikrol\u00f6cher<\/strong>&nbsp;in der Schale. Nur mit Geschwindigkeit&nbsp;<strong>0,15 m\/s<\/strong>&nbsp;verteilt sich gleichm\u00e4\u00dfig in alle Richtungen und macht<strong>&nbsp;Es wird keine Entw\u00fcrfe mehr geben<\/strong>, aber der Platz wird immer noch&nbsp;<strong>angenehm gek\u00fchlt<\/strong>. In diesem Modus verbraucht die Klimaanlage so viel&nbsp;<strong>72% weniger Energie<\/strong>&nbsp;f\u00fcr den Betrieb, da gleichzeitig die Drehzahl von L\u00fcfter und Kompressor reduziert wird.<\/p><p>Alles und mehr zu dieser Klimaanlage erfahren Sie hier <strong><a href=\"https:\/\/tratnjek.si\/de\/product-category\/klimaanlagen\/klimaanlagen-fur-wohnungen-2\/ente\/\">HIER<\/a>,<\/strong>&nbsp;aber es ist&nbsp;<strong>Klimaanlage derzeit im Angebot<\/strong>, also beeil dich. Der Kauf ist \u00fcber den Online-Shop in bis zu 24 Raten m\u00f6glich.&nbsp;<\/p><p>Janez Breznik, Sportdirektor von ND Beltinci (links) und Direktor des Klimazentrums Tratnjek, Robert Tratnjek (rechts).<\/p><figure class=\"wp-block-image size-full\"><img loading=\"lazy\" decoding=\"async\" width=\"950\" height=\"461\" src=\"https:\/\/tratnjek.si\/wp-content\/uploads\/2022\/08\/image-21.png\" alt=\"\" class=\"wp-image-7132\" srcset=\"https:\/\/tratnjek.si\/wp-content\/uploads\/2022\/08\/image-21.png 950w, https:\/\/tratnjek.si\/wp-content\/uploads\/2022\/08\/image-21-301x146.png 301w, https:\/\/tratnjek.si\/wp-content\/uploads\/2022\/08\/image-21-600x291.png 600w, https:\/\/tratnjek.si\/wp-content\/uploads\/2022\/08\/image-21-400x194.png 400w\" sizes=\"(max-width: 950px) 100vw, 950px\" \/><\/figure><figure class=\"wp-block-image size-full\"><img loading=\"lazy\" decoding=\"async\" width=\"950\" height=\"251\" src=\"https:\/\/tratnjek.si\/wp-content\/uploads\/2022\/08\/image-22.png\" alt=\"\" class=\"wp-image-7134\" srcset=\"https:\/\/tratnjek.si\/wp-content\/uploads\/2022\/08\/image-22.png 950w, https:\/\/tratnjek.si\/wp-content\/uploads\/2022\/08\/image-22-301x80.png 301w, https:\/\/tratnjek.si\/wp-content\/uploads\/2022\/08\/image-22-600x159.png 600w, https:\/\/tratnjek.si\/wp-content\/uploads\/2022\/08\/image-22-400x106.png 400w\" sizes=\"(max-width: 950px) 100vw, 950px\" \/><\/figure>","protected":false},"excerpt":{"rendered":"<p>Podpiramo lokalno in ravno zaradi tega smo kot generalni sponzor ND Beltinci v sredo,&nbsp;23.9.2020 na nogometni tekmi&nbsp;podarili klimatsko napravo. Klimatska naprava Samsung,&nbsp;ki ne piha&nbsp;in je pravi hit poletja! Z vami delimo nekaj utrinkov podelitve glavne nagrade. Iskrene \u010destitke nagrajencu! Kak\u0161ne funkcije ima klima, ki ne piha? S podarjeno klimatsko napravo lahko nagrajenec&nbsp;poleg hlajenja&nbsp;v prehodnem obdobju [&hellip;]<\/p>","protected":false},"author":7,"featured_media":7130,"comment_status":"closed","ping_status":"open","sticky":false,"template":"","format":"standard","meta":{"_acf_changed":false,"footnotes":""},"categories":[866,868],"tags":[],"class_list":["post-7123","post","type-post","status-publish","format-standard","has-post-thumbnail","hentry","category-klimatske-naprave","category-windfree"],"acf":[],"_links":{"self":[{"href":"https:\/\/tratnjek.si\/de\/wp-json\/wp\/v2\/posts\/7123","targetHints":{"allow":["GET"]}}],"collection":[{"href":"https:\/\/tratnjek.si\/de\/wp-json\/wp\/v2\/posts"}],"about":[{"href":"https:\/\/tratnjek.si\/de\/wp-json\/wp\/v2\/types\/post"}],"author":[{"embeddable":true,"href":"https:\/\/tratnjek.si\/de\/wp-json\/wp\/v2\/users\/7"}],"replies":[{"embeddable":true,"href":"https:\/\/tratnjek.si\/de\/wp-json\/wp\/v2\/comments?post=7123"}],"version-history":[{"count":0,"href":"https:\/\/tratnjek.si\/de\/wp-json\/wp\/v2\/posts\/7123\/revisions"}],"wp:featuredmedia":[{"embeddable":true,"href":"https:\/\/tratnjek.si\/de\/wp-json\/wp\/v2\/media\/7130"}],"wp:attachment":[{"href":"https:\/\/tratnjek.si\/de\/wp-json\/wp\/v2\/media?parent=7123"}],"wp:term":[{"taxonomy":"category","embeddable":true,"href":"https:\/\/tratnjek.si\/de\/wp-json\/wp\/v2\/categories?post=7123"},{"taxonomy":"post_tag","embeddable":true,"href":"https:\/\/tratnjek.si\/de\/wp-json\/wp\/v2\/tags?post=7123"}],"curies":[{"name":"wp","href":"https:\/\/api.w.org\/{rel}","templated":true}]}}